{"id":17824,"date":"2018-06-20T10:39:44","date_gmt":"2018-06-20T08:39:44","guid":{"rendered":"http:\/\/www.riksantikvaren.no\/?post_type=pressemelding&#038;p=17824"},"modified":"2019-12-17T15:46:24","modified_gmt":"2019-12-17T14:46:24","slug":"riksantikvaren-fredet-den-tidligere-amerikanske-ambassaden","status":"publish","type":"pressemelding","link":"https:\/\/riksantikvaren.no\/en\/siste-nytt\/pressemeldinger\/riksantikvaren-fredet-den-tidligere-amerikanske-ambassaden\/","title":{"rendered":"Riksantikvaren fredet den tidligere amerikanske ambassaden\u00a0"},"content":{"rendered":"<div class=\"wpb-content-wrapper\"><p>[vc_row][vc_column width=&#8221;2\/3&#8243;][vc_column_text]Onsdag 20. juni, ble fredningen markert med et arrangement i det \u00e5pne atriet i bygningen. B\u00e5de riksantikvar J\u00f8rn Holme, byantikvar Janne Wilberg og den nye eieren av bygget, Ivar Tollefsen fra Fredensborg AS, var til stede.[\/vc_column_text][vc_row_inner][vc_column_inner width=&#8221;1\/2&#8243;]\n\t\t\t<figure class=\"standard-image \">\n\t\t\t\t<a class=\"gallery\" href=\"#image-17832\" title=\"\u00c5pne stort bilde i felles bildegalleri\" data-gallery=\"17832\"><img loading=\"lazy\" decoding=\"async\" width=\"576\" height=\"418\" src=\"https:\/\/riksantikvaren.no\/content\/uploads\/2019\/12\/Den-amerikanske-ambassaden-1959-eksterioer-576x418.jpg\" class=\"attachment-img-sm size-img-sm\" alt=\"Bilde av den tidligere amerikanske ambassaden i 1959. Foto: Karl Teigen, Nasjonalmuseet\" srcset=\"https:\/\/riksantikvaren.no\/content\/uploads\/2019\/12\/Den-amerikanske-ambassaden-1959-eksterioer-576x418.jpg 576w, https:\/\/riksantikvaren.no\/content\/uploads\/2019\/12\/Den-amerikanske-ambassaden-1959-eksterioer-300x218.jpg 300w, https:\/\/riksantikvaren.no\/content\/uploads\/2019\/12\/Den-amerikanske-ambassaden-1959-eksterioer-1024x743.jpg 1024w, https:\/\/riksantikvaren.no\/content\/uploads\/2019\/12\/Den-amerikanske-ambassaden-1959-eksterioer-768x557.jpg 768w, https:\/\/riksantikvaren.no\/content\/uploads\/2019\/12\/Den-amerikanske-ambassaden-1959-eksterioer-1536x1114.jpg 1536w, https:\/\/riksantikvaren.no\/content\/uploads\/2019\/12\/Den-amerikanske-ambassaden-1959-eksterioer-2048x1485.jpg 2048w, https:\/\/riksantikvaren.no\/content\/uploads\/2019\/12\/Den-amerikanske-ambassaden-1959-eksterioer-320x232.jpg 320w, https:\/\/riksantikvaren.no\/content\/uploads\/2019\/12\/Den-amerikanske-ambassaden-1959-eksterioer-420x305.jpg 420w, https:\/\/riksantikvaren.no\/content\/uploads\/2019\/12\/Den-amerikanske-ambassaden-1959-eksterioer-992x720.jpg 992w, https:\/\/riksantikvaren.no\/content\/uploads\/2019\/12\/Den-amerikanske-ambassaden-1959-eksterioer-1200x870.jpg 1200w, https:\/\/riksantikvaren.no\/content\/uploads\/2019\/12\/Den-amerikanske-ambassaden-1959-eksterioer-1920x1393.jpg 1920w\" sizes=\"auto, (max-width: 576px) 100vw, 576px\" title=\"\"><\/a>\n\t\t\t\t<figcaption><strong>Den Amerikanske Ambassaden I Oslo.<\/strong> Den tidligere amerikanske ambassaden i 1959. Foto: Nasjonalmuseet \/ Teigen, Karl \u00a9 Teigens Fotoatelier\/DEXTRA Photo<\/figcaption>\n\t\t\t<\/figure>[\/vc_column_inner][vc_column_inner width=&#8221;1\/2&#8243;][vc_column_text]\u2013 Den tidligere amerikanske ambassaden er et hovedmonument i norsk etterkrigsmodernisme.<\/p>\n<p>Dette var et sentralt verk i arkitekten Eero Saarinens virke og et viktig bygg i det amerikanske ambassadebyggeriet etter andre verdenskrig, sier riksantikvar J\u00f8rn Holme.<\/p>\n<h3>Den amerikanske ambassaden<\/h3>\n<p>F\u00f8r andre verdenskrig var det vanlig at USA enten kj\u00f8pte eldre bygninger, eller oppf\u00f8rte nye i et klassisk formspr\u00e5k, til bruk for sine ambassader.[\/vc_column_text][\/vc_column_inner][\/vc_row_inner][vc_row_inner][vc_column_inner][vc_column_text]Men etter krigen skulle moderne arkitektur kommunisere verdier som demokrati, \u00e5penhet og innovasjon. Den tidligere amerikanske ambassaden ble offisielt \u00e5pnet den 15. juni 1959.[\/vc_column_text][\/vc_column_inner][\/vc_row_inner][vc_row_inner][vc_column_inner width=&#8221;1\/2&#8243;][vc_column_text]Bygningen ligger p\u00e5 den trekantete tomten mellom dav\u00e6rende Drammensveien, L\u00f8kkeveien og Hansteens gate, og har adresse Henrik Ibsens gate 48.<\/p>\n<p>Ideen om \u00e5penhet og gjestfrihet kommer s\u00e6rlig til uttrykk i ambassadens bibliotek, som tidligere var \u00e5pent for publikum, i auditoriet og i det gener\u00f8se atriet som \u00f8nsket de bes\u00f8kende velkommen p\u00e5 en vennlig og varm m\u00e5te.<\/p>\n<p>De senere \u00e5rene har bygningen v\u00e6rt omgitt av sikkerhetsforanstaltninger, som n\u00e5 etter hvert skal fjernes.[\/vc_column_text][\/vc_column_inner][vc_column_inner width=&#8221;1\/2&#8243;]\n\t\t\t<figure class=\"standard-image \">\n\t\t\t\t<a class=\"gallery\" href=\"#image-17835\" title=\"\u00c5pne stort bilde i felles bildegalleri\" data-gallery=\"17835\"><img loading=\"lazy\" decoding=\"async\" width=\"2560\" height=\"1782\" src=\"https:\/\/riksantikvaren.no\/content\/uploads\/2019\/12\/Den-amerikanske-ambassaden-interioer-1959-scaled.jpg\" class=\"attachment- size-\" alt=\"Bildet viser slik det s\u00e5 ut i ambassadens atrium da den \u00e5pnet i 1959. . Foto: Karl Teigen, Nasjonalmuseet\" srcset=\"https:\/\/riksantikvaren.no\/content\/uploads\/2019\/12\/Den-amerikanske-ambassaden-interioer-1959-scaled.jpg 2560w, https:\/\/riksantikvaren.no\/content\/uploads\/2019\/12\/Den-amerikanske-ambassaden-interioer-1959-300x209.jpg 300w, https:\/\/riksantikvaren.no\/content\/uploads\/2019\/12\/Den-amerikanske-ambassaden-interioer-1959-1024x713.jpg 1024w, https:\/\/riksantikvaren.no\/content\/uploads\/2019\/12\/Den-amerikanske-ambassaden-interioer-1959-768x535.jpg 768w, https:\/\/riksantikvaren.no\/content\/uploads\/2019\/12\/Den-amerikanske-ambassaden-interioer-1959-1536x1069.jpg 1536w, https:\/\/riksantikvaren.no\/content\/uploads\/2019\/12\/Den-amerikanske-ambassaden-interioer-1959-2048x1425.jpg 2048w, https:\/\/riksantikvaren.no\/content\/uploads\/2019\/12\/Den-amerikanske-ambassaden-interioer-1959-320x223.jpg 320w, https:\/\/riksantikvaren.no\/content\/uploads\/2019\/12\/Den-amerikanske-ambassaden-interioer-1959-420x292.jpg 420w, https:\/\/riksantikvaren.no\/content\/uploads\/2019\/12\/Den-amerikanske-ambassaden-interioer-1959-576x401.jpg 576w, https:\/\/riksantikvaren.no\/content\/uploads\/2019\/12\/Den-amerikanske-ambassaden-interioer-1959-992x690.jpg 992w, https:\/\/riksantikvaren.no\/content\/uploads\/2019\/12\/Den-amerikanske-ambassaden-interioer-1959-1200x835.jpg 1200w, https:\/\/riksantikvaren.no\/content\/uploads\/2019\/12\/Den-amerikanske-ambassaden-interioer-1959-1920x1336.jpg 1920w\" sizes=\"auto, (max-width: 2560px) 100vw, 2560px\" title=\"\"><\/a>\n\t\t\t\t<figcaption><strong>Atrium<\/strong> Slik s\u00e5 det ut i ambassadens atrium da den \u00e5pnet i 1959.  Foto: Nasjonalmuseet \/ Teigen, Karl \u00a9 Teigens Fotoatelier\/DEXTRA Photo<\/figcaption>\n\t\t\t<\/figure>[\/vc_column_inner][\/vc_row_inner][vc_row_inner][vc_column_inner][vc_column_text]Firmaet Fredensborg AS kj\u00f8pte eiendommen av amerikanske myndigheter i 2017, og den amerikanske ambassaden har flyttet til Huseby i Oslo.[\/vc_column_text][\/vc_column_inner][\/vc_row_inner][vc_row_inner][vc_column_inner width=&#8221;1\/2&#8243;]\n\t\t\t<figure class=\"standard-image \">\n\t\t\t\t<a class=\"gallery\" href=\"#image-17839\" title=\"\u00c5pne stort bilde i felles bildegalleri\" data-gallery=\"17839\"><img loading=\"lazy\" decoding=\"async\" width=\"1920\" height=\"2560\" src=\"https:\/\/riksantikvaren.no\/content\/uploads\/2019\/12\/Den-amerikanske-ambassaden-2018-fredningsmarkering-scaled.jpg\" class=\"attachment- size-\" alt=\"Bilde av Atriet i den amerikanske ambassaden i juni 2018. Foto: Siri Wolland, Riksantikvaren\" srcset=\"https:\/\/riksantikvaren.no\/content\/uploads\/2019\/12\/Den-amerikanske-ambassaden-2018-fredningsmarkering-scaled.jpg 1920w, https:\/\/riksantikvaren.no\/content\/uploads\/2019\/12\/Den-amerikanske-ambassaden-2018-fredningsmarkering-225x300.jpg 225w, https:\/\/riksantikvaren.no\/content\/uploads\/2019\/12\/Den-amerikanske-ambassaden-2018-fredningsmarkering-768x1024.jpg 768w, https:\/\/riksantikvaren.no\/content\/uploads\/2019\/12\/Den-amerikanske-ambassaden-2018-fredningsmarkering-1152x1536.jpg 1152w, https:\/\/riksantikvaren.no\/content\/uploads\/2019\/12\/Den-amerikanske-ambassaden-2018-fredningsmarkering-1536x2048.jpg 1536w, https:\/\/riksantikvaren.no\/content\/uploads\/2019\/12\/Den-amerikanske-ambassaden-2018-fredningsmarkering-240x320.jpg 240w, https:\/\/riksantikvaren.no\/content\/uploads\/2019\/12\/Den-amerikanske-ambassaden-2018-fredningsmarkering-315x420.jpg 315w, https:\/\/riksantikvaren.no\/content\/uploads\/2019\/12\/Den-amerikanske-ambassaden-2018-fredningsmarkering-432x576.jpg 432w, https:\/\/riksantikvaren.no\/content\/uploads\/2019\/12\/Den-amerikanske-ambassaden-2018-fredningsmarkering-576x768.jpg 576w, https:\/\/riksantikvaren.no\/content\/uploads\/2019\/12\/Den-amerikanske-ambassaden-2018-fredningsmarkering-744x992.jpg 744w, https:\/\/riksantikvaren.no\/content\/uploads\/2019\/12\/Den-amerikanske-ambassaden-2018-fredningsmarkering-900x1200.jpg 900w, https:\/\/riksantikvaren.no\/content\/uploads\/2019\/12\/Den-amerikanske-ambassaden-2018-fredningsmarkering-1440x1920.jpg 1440w\" sizes=\"auto, (max-width: 1920px) 100vw, 1920px\" title=\"\"><\/a>\n\t\t\t\t<figcaption><strong>Den Amerikanske Ambassaden 2018 Fredningsmarkering<\/strong> Atriet i den amerikanske ambassaden i juni 2018. Foto: Siri Wolland, Riksantikvaren<\/figcaption>\n\t\t\t<\/figure>[\/vc_column_inner][vc_column_inner width=&#8221;1\/2&#8243;][vc_column_text]<\/p>\n<h3>Arkitekten Eero Saarinen (1910-1961)<\/h3>\n<p>Eero Saarinen er en av etterkrigs<br \/>\n-modernismens mest lovpriste arkitekter. Familien var opprinnelig fra Finland, og flyttet til USA da Eero Saarinen var 13 \u00e5r gammel.<\/p>\n<p>Det finnes kun tre oppf\u00f8rte bygninger av Saarinen utenfor USA: foruten ambassaden i Oslo, er det USAs tidligere ambassade i London og Ellinikon flyplass utenfor Athen.<\/p>\n<h3>Fredningen<\/h3>\n<p>Fredningen omfatter bygningens eksteri\u00f8r og deler av interi\u00f8ret, som hovedentreen, sideentreer, atrium, auditorium og kafeteria, opprinnelig bibliotek i andre etasje, suiten med ambassad\u00f8rens kontor, samt flere m\u00f8terom og fellesarealer.<\/p>\n<p>I tillegg er et omr\u00e5de rundt ambassaden fredet.[\/vc_column_text][\/vc_column_inner][\/vc_row_inner][vc_row_inner][vc_column_inner][vc_column_text]<\/p>\n<p class=\"tag-and-image\">20.06.2018 14:53 endret 26.06.2018 10:34<\/p>\n<p>[\/vc_column_text][\/vc_column_inner][\/vc_row_inner][\/vc_column][vc_column width=&#8221;1\/3&#8243;]<div class=\"infobox snowdrift \">\n\t\t\t\t<h3>Pressevakt Riksantikvaren<\/h3>\n\t\t\t\tIkke send sms, telefonen viderekobles.<br>\n\t\t\t\tTelefonen er betjent i vanlig kontortid.<br>\n\t\t\t\tTel: <a href=\"tlf:40465153\">404 65 153<\/a>\n\t\t\t\t<\/div>[\/vc_column][\/vc_row]<\/p>\n<\/div>","protected":false},"featured_media":17825,"template":"","class_list":["post-17824","pressemelding","type-pressemelding","status-publish","has-post-thumbnail","hentry"],"acf":[],"_links":{"self":[{"href":"https:\/\/riksantikvaren.no\/en\/wp-json\/wp\/v2\/pressemelding\/17824","targetHints":{"allow":["GET"]}}],"collection":[{"href":"https:\/\/riksantikvaren.no\/en\/wp-json\/wp\/v2\/pressemelding"}],"about":[{"href":"https:\/\/riksantikvaren.no\/en\/wp-json\/wp\/v2\/types\/pressemelding"}],"wp:featuredmedia":[{"embeddable":true,"href":"https:\/\/riksantikvaren.no\/en\/wp-json\/wp\/v2\/media\/17825"}],"wp:attachment":[{"href":"https:\/\/riksantikvaren.no\/en\/wp-json\/wp\/v2\/media?parent=17824"}],"curies":[{"name":"wp","href":"https:\/\/api.w.org\/{rel}","templated":true}]}}